{"id":181,"date":"2024-10-29T08:19:13","date_gmt":"2024-10-29T08:19:13","guid":{"rendered":"https:\/\/pinedademar.cnt.es\/?p=181"},"modified":"2024-10-29T08:33:25","modified_gmt":"2024-10-29T08:33:25","slug":"cronica-15e-aniversari-del-sindicat","status":"publish","type":"post","link":"https:\/\/pinedademar.cnt.es\/?p=181","title":{"rendered":"Cronica 15\u00e8 Aniversari del sindicat"},"content":{"rendered":"\n<p>A l&#8217;octubre del 2009 vam constituir la CNT, vam haver de sol\u00b7licitar ser entitat de Pineda. Comencem a fer perman\u00e8ncies cada divendres a Can Comas, amb l&#8217;assist\u00e8ncia un cop al mes de diversos advocats que col\u00b7laboraven altruistament en temes laborals i d&#8217;estrangeria. Realitzem diferents xerrades i actes exemple, el 20 de juliol del 2010, per commemorar el Centenari de la CNT, es va representar A les Barricades de Rizoma Teatre. S&#8217;han fet xerrades sobre el 8 de mar\u00e7, llei d&#8217;estrangeria, llei mordassa, pensions, etc. Es van presentar els llibres Perspectives antidesenvolupistes de Miquel Amor\u00f3s, i el de la Vaga de lloguers de 1931 de Manel Aisa, etc. Tamb\u00e9 es van posar taules informatives per a Sant Jordi, Fira d&#8217;Entitats de Pineda, i en localitats properes com Arenys, Calella, Malgrat i Blanes. En una taula informativa a la pla\u00e7a de les M\u00e8lies es va acostar un home que ens va dir: \u201cQue la CNT aqu\u00ed tenia molt mala premsa.\u201d Un capell\u00e0 que es deia Antoni Doltra als anys 30, se&#8217;n va anar a veure D\u00e9u abans d&#8217;hora, de totes \u00e9s conegut el suport de l&#8217;Esgl\u00e9sia als militars revoltats i al Franquisme. Doncs aqu\u00ed som i aqu\u00ed seguim. El 1r de maig del 2013, es va fer una manifestaci\u00f3 unit\u00e0ria amb altres sindicats, organitzacions socials, etc. de Pineda fins a Calella. El 9 d&#8217;octubre del 2014, celebrem el 5\u00e8 aniversari, amb un dinar de companys i companyes, i una xerrada sobre seccions sindicals de la CNT de Catalunya. Tamb\u00e9, en aquests anys s&#8217;han projectat pel\u00b7l\u00edcules: Llibert\u00e0ries, L&#8217;entusiasme, El temps de les Cireres, etc. Hem assistit als congressos de la CNT de Saragossa i Canovelles. La pand\u00e8mia ens va deixar les entitats del poble sense els locals municipals, vam haver de fer assemblees i consultes de manera telem\u00e0tica. Un cop superada aquesta crisi sanit\u00e0ria, es va constituir l&#8217;Ateneu Sa Boada i es van fer diferents actes, l&#8217;ateneu ens va cedir l&#8217;espai, els dijous per fer la nostra activitat sindical. Aqu\u00ed va haver-hi la presentaci\u00f3 del llibre sobre la Columna de Ferro de Miquel Amor\u00f3s, una altra sobre el 25 de novembre dia internacional contra la viol\u00e8ncia a les dones, la celebraci\u00f3 del 10\u00e8 aniversari, amb una xerrada sobre anarcosindicalisme a c\u00e0rrec del company David Mar\u00edn de la CNT de Barcelona, \u200b\u200bvam comptar amb la col\u00b7laboraci\u00f3 de Jo Solana i vam fer un dinar entre companys, per celebrar-ho. Per\u00f2 segu\u00edem tenint el problema d&#8217;haver de transportar el sindicat cada dijous amb maletes, ja que no ten\u00edem local. Els ve\u00efns ens preguntaven si marx\u00e0vem de vacances. L&#8217;ateneu va tancar les portes i no vam tenir m\u00e9s remei que comprar aquest local, el mar\u00e7 del 2023. Fem les perman\u00e8ncies cada dijous de 10:30 ha 20:00 hi comptem tamb\u00e9, amb la col\u00b7laboraci\u00f3 d&#8217;un graduat social. En aquest dia, recordem als companys i companyes de la CNT de Pineda, que als anys 30 van arribar a ser m\u00e9s de 300 afiliats, i dels que vam conservar encara la seva bandera confederal que va estar al pal de l&#8217;Ajuntament. Tamb\u00e9, recordem \u201cla gran batuda Anti-gitana de 1749\u201d, un intent de genocidi del poble gitano, que es va produir en aquest lloc. Aix\u00ed mateix, volem recordar Marianet: un home d&#8217;\u00e8tnia gitana, anarquista i secretari general de la CNT durant la Guerra Civil. Volem denunciar tamb\u00e9, la guerra a Ucra\u00efna, el genocidi a Gaza, el L\u00edban, etc. per l&#8217;estat d&#8217;Israel, aix\u00ed com el terrorisme de Ham\u00e0s, etc., per tot aix\u00f2 ens solidaritzem amb tots els pobles que estan en guerra, i diem una vegada m\u00e9s: NO A LA GUERRA!!!! Finalment, volem donar el nostre suport incondicional a les companyes represaliades de la Su\u00efssa, de Xix\u00f3n que els demanen m\u00e9s de tres anys de pres\u00f3 per fer sindicalisme, companyes no esteu soles!, Tot seguit es va realitzar un vermut musical amb Jo Solana Trio, que van cantar diferents can\u00e7ons del seu repertori: folk rock, country, blues i rock and roll, amb textos propis aix\u00ed com de poetes catalans. Un cop acabat el concert vam anar a dinar a un restaurant proper al sindicat.<\/p>\n","protected":false},"excerpt":{"rendered":"<p>A l&#8217;octubre del 2009 vam constituir la CNT, vam haver de sol\u00b7licitar ser entitat de Pineda. Comencem a fer perman\u00e8ncies cada divendres a Can Comas, amb l&#8217;assist\u00e8ncia un cop al mes de diversos advocats que col\u00b7laboraven altruistament en temes laborals i d&#8217;estrangeria. Realitzem diferents xerrades i actes exemple, el 20 &hellip;<\/p>\n","protected":false},"author":2,"featured_media":0,"comment_status":"open","ping_status":"open","sticky":false,"template":"","format":"standard","meta":{"footnotes":""},"categories":[1],"tags":[],"class_list":["post-181","post","type-post","status-publish","format-standard","hentry","category-entradas"],"_links":{"self":[{"href":"https:\/\/pinedademar.cnt.es\/index.php?rest_route=\/wp\/v2\/posts\/181","targetHints":{"allow":["GET"]}}],"collection":[{"href":"https:\/\/pinedademar.cnt.es\/index.php?rest_route=\/wp\/v2\/posts"}],"about":[{"href":"https:\/\/pinedademar.cnt.es\/index.php?rest_route=\/wp\/v2\/types\/post"}],"author":[{"embeddable":true,"href":"https:\/\/pinedademar.cnt.es\/index.php?rest_route=\/wp\/v2\/users\/2"}],"replies":[{"embeddable":true,"href":"https:\/\/pinedademar.cnt.es\/index.php?rest_route=%2Fwp%2Fv2%2Fcomments&post=181"}],"version-history":[{"count":1,"href":"https:\/\/pinedademar.cnt.es\/index.php?rest_route=\/wp\/v2\/posts\/181\/revisions"}],"predecessor-version":[{"id":182,"href":"https:\/\/pinedademar.cnt.es\/index.php?rest_route=\/wp\/v2\/posts\/181\/revisions\/182"}],"wp:attachment":[{"href":"https:\/\/pinedademar.cnt.es\/index.php?rest_route=%2Fwp%2Fv2%2Fmedia&parent=181"}],"wp:term":[{"taxonomy":"category","embeddable":true,"href":"https:\/\/pinedademar.cnt.es\/index.php?rest_route=%2Fwp%2Fv2%2Fcategories&post=181"},{"taxonomy":"post_tag","embeddable":true,"href":"https:\/\/pinedademar.cnt.es\/index.php?rest_route=%2Fwp%2Fv2%2Ftags&post=181"}],"curies":[{"name":"wp","href":"https:\/\/api.w.org\/{rel}","templated":true}]}}