{"id":332,"date":"2026-02-26T18:02:29","date_gmt":"2026-02-26T18:02:29","guid":{"rendered":"https:\/\/pinedademar.cnt.es\/?p=332"},"modified":"2026-02-26T18:05:33","modified_gmt":"2026-02-26T18:05:33","slug":"8-de-marc-2026-dia-internaciional-de-la-dona-treballadora","status":"publish","type":"post","link":"https:\/\/pinedademar.cnt.es\/?p=332","title":{"rendered":"8 de mar\u00e7 2026 ,Dia Internacional de la Dona Treballadora."},"content":{"rendered":"\n<p>Aquest\u00a0<a href=\"https:\/\/www.facebook.com\/hashtag\/8m?__eep__=6&amp;__cft__[0]=AZYZKRZr7JfSA01r3lBgCzKUVYgl7xKJKKp2X15xNJBicq1pTLgjBj_hHq2q28W3O4B4ir15eWQDbJq8HU_xEMZmOeT6oPiSBbMIXCwgx-_N_BsB8pU1JvUBsXIw22Ig6d6rV56qQIo0a9Fw1JZoOgWO5uP31i_T0jFgQVBh6AmP_d9sLuYTcJ62W6gW9WSk0KQFo-2lzOIpXhoh-XD9hot86AhutnRBlwWS-s6W-Tj2Gg&amp;__tn__=*NK*F\">#8M<\/a>, Dia Internacional de la Dona Treballadora, ocupem l&#8217;espai p\u00fablic i caminem juntes per cridar que som dones i que estem en lluita!!!<br>Contra la viol\u00e8ncia i l&#8217;explotaci\u00f3!<\/p>\n\n\n\n<p>\u00a0Diumenge, 8 de mar\u00e7<\/p>\n\n\n\n<p>&nbsp;12:00 hores<\/p>\n\n\n\n<p>&nbsp;Pla\u00e7a Catalunya (Barcelona)<\/p>\n\n\n\n<figure class=\"wp-block-gallery has-nested-images columns-default is-cropped wp-block-gallery-1 is-layout-flex wp-block-gallery-is-layout-flex\">\n<figure class=\"wp-block-image size-large\"><img loading=\"lazy\" decoding=\"async\" width=\"731\" height=\"1024\" data-id=\"333\" src=\"https:\/\/pinedademar.cnt.es\/wp-content\/uploads\/2026\/02\/633551354_1224087516491658_1319260200318234266_n-731x1024.jpg\" alt=\"\" class=\"wp-image-333\" srcset=\"https:\/\/pinedademar.cnt.es\/wp-content\/uploads\/2026\/02\/633551354_1224087516491658_1319260200318234266_n-731x1024.jpg 731w, https:\/\/pinedademar.cnt.es\/wp-content\/uploads\/2026\/02\/633551354_1224087516491658_1319260200318234266_n-214x300.jpg 214w, https:\/\/pinedademar.cnt.es\/wp-content\/uploads\/2026\/02\/633551354_1224087516491658_1319260200318234266_n-768x1076.jpg 768w, https:\/\/pinedademar.cnt.es\/wp-content\/uploads\/2026\/02\/633551354_1224087516491658_1319260200318234266_n-1096x1536.jpg 1096w, https:\/\/pinedademar.cnt.es\/wp-content\/uploads\/2026\/02\/633551354_1224087516491658_1319260200318234266_n.jpg 1142w\" sizes=\"auto, (max-width: 731px) 100vw, 731px\" \/><\/figure>\n<\/figure>\n","protected":false},"excerpt":{"rendered":"<p>Aquest\u00a0#8M, Dia Internacional de la Dona Treballadora, ocupem l&#8217;espai p\u00fablic i caminem juntes per cridar que som dones i que estem en lluita!!!Contra la viol\u00e8ncia i l&#8217;explotaci\u00f3! \u00a0Diumenge, 8 de mar\u00e7 &nbsp;12:00 hores &nbsp;Pla\u00e7a Catalunya (Barcelona)<\/p>\n","protected":false},"author":2,"featured_media":0,"comment_status":"open","ping_status":"open","sticky":false,"template":"","format":"standard","meta":{"footnotes":""},"categories":[1],"tags":[],"class_list":["post-332","post","type-post","status-publish","format-standard","hentry","category-entradas"],"_links":{"self":[{"href":"https:\/\/pinedademar.cnt.es\/index.php?rest_route=\/wp\/v2\/posts\/332","targetHints":{"allow":["GET"]}}],"collection":[{"href":"https:\/\/pinedademar.cnt.es\/index.php?rest_route=\/wp\/v2\/posts"}],"about":[{"href":"https:\/\/pinedademar.cnt.es\/index.php?rest_route=\/wp\/v2\/types\/post"}],"author":[{"embeddable":true,"href":"https:\/\/pinedademar.cnt.es\/index.php?rest_route=\/wp\/v2\/users\/2"}],"replies":[{"embeddable":true,"href":"https:\/\/pinedademar.cnt.es\/index.php?rest_route=%2Fwp%2Fv2%2Fcomments&post=332"}],"version-history":[{"count":2,"href":"https:\/\/pinedademar.cnt.es\/index.php?rest_route=\/wp\/v2\/posts\/332\/revisions"}],"predecessor-version":[{"id":335,"href":"https:\/\/pinedademar.cnt.es\/index.php?rest_route=\/wp\/v2\/posts\/332\/revisions\/335"}],"wp:attachment":[{"href":"https:\/\/pinedademar.cnt.es\/index.php?rest_route=%2Fwp%2Fv2%2Fmedia&parent=332"}],"wp:term":[{"taxonomy":"category","embeddable":true,"href":"https:\/\/pinedademar.cnt.es\/index.php?rest_route=%2Fwp%2Fv2%2Fcategories&post=332"},{"taxonomy":"post_tag","embeddable":true,"href":"https:\/\/pinedademar.cnt.es\/index.php?rest_route=%2Fwp%2Fv2%2Ftags&post=332"}],"curies":[{"name":"wp","href":"https:\/\/api.w.org\/{rel}","templated":true}]}}