{"id":90,"date":"2024-05-09T09:55:06","date_gmt":"2024-05-09T09:55:06","guid":{"rendered":"https:\/\/pinedademar.cnt.es\/?p=90"},"modified":"2024-05-09T10:21:29","modified_gmt":"2024-05-09T10:21:29","slug":"manifest-pel-dret-a-lhabitatge-digne-i-assequible","status":"publish","type":"post","link":"https:\/\/pinedademar.cnt.es\/?p=90","title":{"rendered":"La CNT de Pineda de Mar i Comarques s&#8217;adhereix al Manifest pel dret a l\u2019habitatge digne i assequible."},"content":{"rendered":"\n<h2 class=\"wp-block-heading\">La Pah, el Sindicat de Llogateres, la FAVB, l\u2019Assemblea de Barris pel Decreixement Tur\u00edstic, la Sectorial d\u2019Habitatge Cooperatiu de la Xarxa d\u2019Economia Social (XES), Resistim al G\u00f2tic i l\u2019Observatori DESCA, presentem deu mesures clau per viure en una Catalunya amb dret a l\u2019habitatge digne i assequible.<\/h2>\n\n\n\n<p>Les dificultats per accedir o mantenir un habitatge digne i assequible s\u00f3n un dels principals<br>vectors de desigualtat de la societat catalana. La protecci\u00f3 d\u2019aquest dret fonamental no est\u00e0<br>garantida i hem arribat a una situaci\u00f3 l\u00edmit, que cal deixar enrere.<\/p>\n\n\n\n<p>La pluralitat d\u2019organitzacions que formen el moviment pel dret a l\u2019habitatge a Catalunya reclamen un canvi urgent i necessari. Existeix un consens social molt ampli en aquesta direcci\u00f3. Nom\u00e9s uns pocs defensen l\u2019status quo, i nom\u00e9s perqu\u00e8 nodreixen els seus beneficis.<\/p>\n\n\n\n<p>llegiu mes :<a href=\"https:\/\/lapah.cat\/habitatge-digne-futur-garantit\/\" data-type=\"link\" data-id=\"https:\/\/lapah.cat\/habitatge-digne-futur-garantit\/\">https:\/\/lapah.cat\/habitatge-digne-futur-garantit\/<\/a><\/p>\n\n\n\n<figure class=\"wp-block-image size-full\"><img loading=\"lazy\" decoding=\"async\" width=\"512\" height=\"231\" src=\"https:\/\/pinedademar.cnt.es\/wp-content\/uploads\/2024\/05\/photo_2024-05-06_10-53-49-1024x462-1.jpg\" alt=\"\" class=\"wp-image-93\" srcset=\"https:\/\/pinedademar.cnt.es\/wp-content\/uploads\/2024\/05\/photo_2024-05-06_10-53-49-1024x462-1.jpg 512w, https:\/\/pinedademar.cnt.es\/wp-content\/uploads\/2024\/05\/photo_2024-05-06_10-53-49-1024x462-1-300x135.jpg 300w\" sizes=\"auto, (max-width: 512px) 100vw, 512px\" \/><\/figure>\n","protected":false},"excerpt":{"rendered":"<p>La Pah, el Sindicat de Llogateres, la FAVB, l\u2019Assemblea de Barris pel Decreixement Tur\u00edstic, la Sectorial d\u2019Habitatge Cooperatiu de la Xarxa d\u2019Economia Social (XES), Resistim al G\u00f2tic i l\u2019Observatori DESCA, presentem deu mesures clau per viure en una Catalunya amb dret a l\u2019habitatge digne i assequible. Les dificultats per accedir &hellip;<\/p>\n","protected":false},"author":2,"featured_media":0,"comment_status":"open","ping_status":"open","sticky":false,"template":"","format":"standard","meta":{"footnotes":""},"categories":[1],"tags":[],"class_list":["post-90","post","type-post","status-publish","format-standard","hentry","category-entradas"],"_links":{"self":[{"href":"https:\/\/pinedademar.cnt.es\/index.php?rest_route=\/wp\/v2\/posts\/90","targetHints":{"allow":["GET"]}}],"collection":[{"href":"https:\/\/pinedademar.cnt.es\/index.php?rest_route=\/wp\/v2\/posts"}],"about":[{"href":"https:\/\/pinedademar.cnt.es\/index.php?rest_route=\/wp\/v2\/types\/post"}],"author":[{"embeddable":true,"href":"https:\/\/pinedademar.cnt.es\/index.php?rest_route=\/wp\/v2\/users\/2"}],"replies":[{"embeddable":true,"href":"https:\/\/pinedademar.cnt.es\/index.php?rest_route=%2Fwp%2Fv2%2Fcomments&post=90"}],"version-history":[{"count":4,"href":"https:\/\/pinedademar.cnt.es\/index.php?rest_route=\/wp\/v2\/posts\/90\/revisions"}],"predecessor-version":[{"id":98,"href":"https:\/\/pinedademar.cnt.es\/index.php?rest_route=\/wp\/v2\/posts\/90\/revisions\/98"}],"wp:attachment":[{"href":"https:\/\/pinedademar.cnt.es\/index.php?rest_route=%2Fwp%2Fv2%2Fmedia&parent=90"}],"wp:term":[{"taxonomy":"category","embeddable":true,"href":"https:\/\/pinedademar.cnt.es\/index.php?rest_route=%2Fwp%2Fv2%2Fcategories&post=90"},{"taxonomy":"post_tag","embeddable":true,"href":"https:\/\/pinedademar.cnt.es\/index.php?rest_route=%2Fwp%2Fv2%2Ftags&post=90"}],"curies":[{"name":"wp","href":"https:\/\/api.w.org\/{rel}","templated":true}]}}